{"id":1086,"date":"2025-06-19T11:43:08","date_gmt":"2025-06-19T09:43:08","guid":{"rendered":"https:\/\/www.kadmedia.sk\/?p=1086"},"modified":"2025-06-19T14:12:51","modified_gmt":"2025-06-19T12:12:51","slug":"osvetlenie-eventov-svetelny-dizajn","status":"publish","type":"post","link":"https:\/\/www.kadmedia.sk\/en\/2025\/06\/19\/osvetlenie-eventov-svetelny-dizajn\/","title":{"rendered":"Osvetlenie eventov: Profesion\u00e1lny sveteln\u00fd dizajn pre konferencie, ve\u010dierky aj koncerty"},"content":{"rendered":"<div data-elementor-type=\"wp-post\" data-elementor-id=\"1086\" class=\"elementor elementor-1086\">\n\t\t\t\t\t\t\t<div class=\"elementor-element elementor-element-54d9b72 e-flex e-con-boxed e-con e-parent\" data-id=\"54d9b72\" data-element_type=\"container\" data-settings=\"{&quot;content_width&quot;:&quot;boxed&quot;}\" data-core-v316-plus=\"true\">\n\t\t\t\t\t<div class=\"e-con-inner\">\n\t\t\t\t<div class=\"elementor-element elementor-element-47c95f1 elementor-widget elementor-widget-text-editor\" data-id=\"47c95f1\" data-element_type=\"widget\" data-widget_type=\"text-editor.default\">\n\t\t\t\t<div class=\"elementor-widget-container\">\n\t\t\t<style>\/*! elementor - v3.16.0 - 14-09-2023 *\/\n.elementor-widget-text-editor.elementor-drop-cap-view-stacked .elementor-drop-cap{background-color:#69727d;color:#fff}.elementor-widget-text-editor.elementor-drop-cap-view-framed .elementor-drop-cap{color:#69727d;border:3px solid;background-color:transparent}.elementor-widget-text-editor:not(.elementor-drop-cap-view-default) .elementor-drop-cap{margin-top:8px}.elementor-widget-text-editor:not(.elementor-drop-cap-view-default) .elementor-drop-cap-letter{width:1em;height:1em}.elementor-widget-text-editor .elementor-drop-cap{float:left;text-align:center;line-height:1;font-size:50px}.elementor-widget-text-editor .elementor-drop-cap-letter{display:inline-block}<\/style>\t\t\t\t<article><h1>Profesion\u00e1lne osvetlenie eventov: Ako navrhn\u00fa\u0165 sveteln\u00fd dizajn, ktor\u00fd oh\u00fari publikum<\/h1><p>Osvetlenie je jedn\u00fdm z k\u013e\u00fa\u010dov\u00fdch prvkov ka\u017ed\u00e9ho \u00faspe\u0161n\u00e9ho podujatia. \u010ci u\u017e ide o firemn\u00fa <a href=\"https:\/\/www.kadmedia.sk\/en\/event-na-kluc\/\">konferenciu<\/a>, ve\u010dierok, tla\u010dov\u00fa konferenciu alebo koncert, spr\u00e1vne navrhnut\u00e9 svetlo dok\u00e1\u017ee \u00faplne zmeni\u0165 atmosf\u00e9ru a vizu\u00e1lny dojem. V tomto \u010dl\u00e1nku v\u00e1m uk\u00e1\u017eeme, pre\u010do je sveteln\u00fd dizajn d\u00f4le\u017eit\u00fd, ak\u00e9 typy svetiel s\u00fa najvhodnej\u0161ie a ako ho zabezpe\u010di\u0165 profesion\u00e1lne \u2013 <strong>s firmou Kadmedia<\/strong>.<\/p><h2>Pre\u010do je osvetlenie tak\u00e9 d\u00f4le\u017eit\u00e9?<\/h2><p>Svetlo nielen pom\u00e1ha vidie\u0165, ale <strong>formuje n\u00e1ladu, pozornos\u0165 a energiu cel\u00e9ho priestoru<\/strong>. Kvalitn\u00e9 osvetlenie zd\u00f4raz\u0148uje hlavn\u00fa sc\u00e9nu, pom\u00e1ha fotografom a kamer\u00e1m zachyti\u0165 lep\u0161\u00ed obraz, zvy\u0161uje z\u00e1\u017eitok \u00fa\u010dastn\u00edkov a z\u00e1rove\u0148 podporuje branding podujatia.<\/p><h2>Typy svetiel, ktor\u00e9 pou\u017e\u00edvame na eventoch<\/h2><ul><li><strong>LED PAR:<\/strong> Kompaktn\u00e9 statick\u00e9 svetl\u00e1, vhodn\u00e9 na nasvietenie stien, stage-u . Pon\u00fakaj\u00fa RGB farebn\u00e9 mie\u0161anie.<\/li><li><strong>LED BAR:<\/strong> Line\u00e1rne svetl\u00e1 ide\u00e1lne na podsvietenie stien a horizont\u00e1lnych prvkov. Mo\u017enos\u0165 pixelov\u00e9ho ovl\u00e1dania .<\/li><li><strong>Spot Moving Head:<\/strong> Pohybliv\u00e9 svetlo s mo\u017enos\u0165ou projekcie <em>gobo vzorov<\/em>. Vieme zabezpe\u010di\u0165 aj gobo na mieru \u2013 napr\u00edklad s va\u0161\u00edm logom.<\/li><li><strong>Wash Moving Head:<\/strong> Siln\u00e9 farebn\u00e9 pohybliv\u00e9 svetlo ur\u010den\u00e9 na rovnomern\u00e9 nasvietenie plochy alebo stropu.<\/li><li><strong>Beam Moving Head:<\/strong> \u00dazky a intenz\u00edvny l\u00fa\u010d vidite\u013en\u00fd v hmle alebo dymovom efekte \u2013 ide\u00e1lne pre koncerty a galave\u010dery.<\/li><li><strong>Lasery:<\/strong> Dynamick\u00e9 l\u00fa\u010de pre vizu\u00e1lne zv\u00fdraznenie hudby alebo \u0161peci\u00e1lnych momentov ve\u010dera.<\/li><li><strong>Studen\u00e9 iskry:<\/strong> Bezpe\u010dn\u00fd oh\u0148ostrojov\u00fd efekt bez z\u00e1pachu alebo dymu, vhodn\u00fd aj do interi\u00e9rov.<\/li><li><strong>Konfety &amp; CO\u2082 efekty:<\/strong> Pre ve\u013ekolep\u00e9 momenty ako otvorenie podujatia alebo z\u00e1vere\u010dn\u00fd v\u00fdstup.<\/li><li><strong>Diskogule a retro efekty:<\/strong> Vhodn\u00e9 pre tematick\u00e9 ve\u010dierky, retro party alebo tane\u010dn\u00e9 akcie.<\/li><\/ul><h2>Sveteln\u00fd dizajn pod\u013ea typu podujatia<\/h2><p><strong>Konferencie:<\/strong> D\u00f4raz na rovnomern\u00e9 osvetlenie p\u00f3dia a re\u010dn\u00edkov, tlmen\u00e9 ambientn\u00e9 svetlo pre publikum.<br \/><strong>Ve\u010dierky a galave\u010dery:<\/strong> Dynamick\u00e9 efekty, pohybliv\u00e9 hlavy, tematick\u00e9 farebn\u00e9 nasvietenie.<br \/><strong>Koncerty a predstavenia:<\/strong> Beam moving heads, lasery, dymov\u00e9 efekty, studen\u00e9 iskry a \u010dasovan\u00e9 prechody pod\u013ea hudby.<\/p><p>Osvetlenie ide ruka v ruke s <a href=\"https:\/\/www.kadmedia.sk\/en\/ozvucenie\/\">ozvu\u010den\u00edm<\/a> \u2013 a pr\u00e1ve ich kombin\u00e1cia tvor\u00ed profesion\u00e1lny z\u00e1klad ka\u017ed\u00e9ho eventu.<\/p><h2>Osvetlenie a video produkcia<\/h2><p>Svetlo ovplyv\u0148uje aj kvalitu <a href=\"https:\/\/www.kadmedia.sk\/en\/video\/\">video produkcie<\/a>. Zle nasvieten\u00e1 sc\u00e9na m\u00f4\u017ee znehodnoti\u0165 aj ten najkvalitnej\u0161\u00ed kamerov\u00fd z\u00e1znam. Pri z\u00e1zname alebo livestreame preto v\u017edy navrhujeme sveteln\u00fd dizajn tak, aby bol obraz \u010dist\u00fd a vyv\u00e1\u017een\u00fd.<\/p><h2>Pre\u010do si vybra\u0165 Kadmedia?<\/h2><p>M\u00e1me bohat\u00e9 sk\u00fasenosti s technick\u00fdm zabezpe\u010den\u00edm konferenci\u00ed, ve\u010dierkov, festivalov aj hybridn\u00fdch podujat\u00ed. Vieme navrhn\u00fa\u0165 a doda\u0165 sveteln\u00fd dizajn pod\u013ea v\u00e1\u0161ho rozpo\u010dtu, priestoru a po\u017eiadaviek. Zabezpe\u010d\u00edme komplexn\u00e9 <a href=\"https:\/\/www.kadmedia.sk\/en\/tlmocenie\/\">tlmo\u010dn\u00edcke slu\u017eby<\/a>, <a href=\"https:\/\/www.kadmedia.sk\/en\/ozvucenie\/\">ozvu\u010denie<\/a>, <a href=\"https:\/\/www.kadmedia.sk\/en\/video\/\">video produkciu<\/a> aj <a href=\"https:\/\/www.kadmedia.sk\/en\/osvetlenie\/\">lights<\/a> \u2013 v\u0161etko pod jednou strechou.<\/p><div style=\"margin: 30px 0;\"><a class=\"button\" style=\"background-color: #0066cc; color: white; padding: 12px 24px; border-radius: 4px; text-decoration: none;\" href=\"https:\/\/www.kadmedia.sk\/en\/kontakt\/\">\ud83d\udcde Po\u017eiadajte o cenov\u00fa ponuku<\/a><\/div><h2>Naj\u010dastej\u0161ie ot\u00e1zky (FAQ)<\/h2><p><strong>1. Je mo\u017en\u00e9 kombinova\u0165 r\u00f4zne typy svetiel?<\/strong><br \/>\u00c1no, kombin\u00e1cia statick\u00fdch a inteligentn\u00fdch svetiel vytv\u00e1ra profesion\u00e1lny vizu\u00e1lny dojem.<\/p><p><strong>2. Ko\u013eko \u010dasu je potrebn\u00e9 na in\u0161tal\u00e1ciu?<\/strong><br \/>Z\u00e1vis\u00ed od rozsahu \u2013 be\u017ene 2\u20136 hod\u00edn pred podujat\u00edm. Pracujeme efekt\u00edvne aj po\u010das no\u010dn\u00fdch hod\u00edn.<\/p><p><strong>3. Viete pripravi\u0165 sveteln\u00fd n\u00e1vrh dopredu?<\/strong><br \/>\u00c1no, pon\u00fakame aj <a href=\"https:\/\/www.kadmedia.sk\/en\/event-na-kluc\/\">vizualiz\u00e1ciu a sveteln\u00fd n\u00e1vrh<\/a> pred samotn\u00fdm d\u0148om eventu.<\/p><div style=\"margin: 30px 0;\"><a class=\"button\" style=\"background-color: #28a745; color: white; padding: 12px 24px; border-radius: 4px; text-decoration: none;\" href=\"https:\/\/www.kadmedia.sk\/en\/referencie\/\">\u2728 Pozrite si na\u0161e realiz\u00e1cie<\/a><\/div><p>Spr\u00e1vne osvetlenie je invest\u00edcia do z\u00e1\u017eitku. Nepodce\u0148ujte ho \u2013 <strong>Kadmedia v\u00e1m pom\u00f4\u017ee z ka\u017ed\u00e9ho podujatia urobi\u0165 nezabudnute\u013en\u00fd vizu\u00e1lny z\u00e1\u017eitok<\/strong>.<\/p><\/article>\t\t\t\t\t\t<\/div>\n\t\t\t\t<\/div>\n\t\t\t\t<div class=\"elementor-element elementor-element-33bb0ec elementor-widget elementor-widget-image\" data-id=\"33bb0ec\" data-element_type=\"widget\" data-widget_type=\"image.default\">\n\t\t\t\t<div class=\"elementor-widget-container\">\n\t\t\t<style>\/*! elementor - v3.16.0 - 14-09-2023 *\/\n.elementor-widget-image{text-align:center}.elementor-widget-image a{display:inline-block}.elementor-widget-image a img[src$=\".svg\"]{width:48px}.elementor-widget-image img{vertical-align:middle;display:inline-block}<\/style>\t\t\t\t\t\t\t\t\t\t\t\t<img loading=\"lazy\" decoding=\"async\" width=\"1020\" height=\"680\" src=\"https:\/\/www.kadmedia.sk\/wp-content\/uploads\/2025\/06\/kadmedia-lights-1024x683.jpg\" class=\"attachment-large size-large wp-image-1092\" alt=\"Profesion\u00e1lne osvetlenie p\u00f3dia po\u010das koncertn\u00e9ho vyst\u00fapenia so saxofonistom a buben\u00edkom\" srcset=\"https:\/\/www.kadmedia.sk\/wp-content\/uploads\/2025\/06\/kadmedia-lights-1024x683.jpg 1024w, https:\/\/www.kadmedia.sk\/wp-content\/uploads\/2025\/06\/kadmedia-lights-300x200.jpg 300w, https:\/\/www.kadmedia.sk\/wp-content\/uploads\/2025\/06\/kadmedia-lights-768x512.jpg 768w, https:\/\/www.kadmedia.sk\/wp-content\/uploads\/2025\/06\/kadmedia-lights-1536x1024.jpg 1536w, https:\/\/www.kadmedia.sk\/wp-content\/uploads\/2025\/06\/kadmedia-lights-18x12.jpg 18w, https:\/\/www.kadmedia.sk\/wp-content\/uploads\/2025\/06\/kadmedia-lights.jpg 1800w\" sizes=\"auto, (max-width: 1020px) 100vw, 1020px\" \/>\t\t\t\t\t\t\t\t\t\t\t\t\t\t\t<\/div>\n\t\t\t\t<\/div>\n\t\t\t\t\t<\/div>\n\t\t\t\t<\/div>\n\t\t\t\t\t\t\t<\/div>","protected":false},"excerpt":{"rendered":"<p>Profesion\u00e1lne osvetlenie eventov: Ako navrhn\u00fa\u0165 sveteln\u00fd dizajn, ktor\u00fd oh\u00fari publikum Osvetlenie je jedn\u00fdm z k\u013e\u00fa\u010dov\u00fdch prvkov ka\u017ed\u00e9ho \u00faspe\u0161n\u00e9ho podujatia. \u010ci u\u017e ide o firemn\u00fa konferenciu, ve\u010dierok, tla\u010dov\u00fa konferenciu alebo koncert, spr\u00e1vne navrhnut\u00e9 svetlo dok\u00e1\u017ee \u00faplne zmeni\u0165 atmosf\u00e9ru a vizu\u00e1lny dojem. V tomto \u010dl\u00e1nku v\u00e1m uk\u00e1\u017eeme, pre\u010do je sveteln\u00fd dizajn d\u00f4le\u017eit\u00fd, ak\u00e9 typy svetiel s\u00fa najvhodnej\u0161ie [&#8230;]","protected":false},"author":1,"featured_media":0,"comment_status":"open","ping_status":"open","sticky":false,"template":"","format":"standard","meta":{"_monsterinsights_skip_tracking":false,"_monsterinsights_sitenote_active":false,"_monsterinsights_sitenote_note":"","_monsterinsights_sitenote_category":0,"footnotes":""},"categories":[1],"tags":[],"class_list":["post-1086","post","type-post","status-publish","format-standard","hentry","category-nezaradene"],"yoast_head":"<!-- This site is optimized with the Yoast SEO plugin v24.3 - https:\/\/yoast.com\/wordpress\/plugins\/seo\/ -->\n<title>Osvetlenie eventov: Profesion\u00e1lny sveteln\u00fd dizajn pre konferencie, ve\u010dierky aj koncerty - KadMedia<\/title>\n<meta name=\"description\" content=\"Profesion\u00e1lne osvetlenie eventov na mieru \u2013 navrhneme sveteln\u00fd dizajn pre konferencie, ve\u010dierky aj koncerty. Kadmedia zabezpe\u010d\u00ed aj zvuk, video a tlmo\u010denie pre v\u00e1\u0161 podujatie.\" \/>\n<meta name=\"robots\" content=\"index, follow, max-snippet:-1, max-image-preview:large, max-video-preview:-1\" \/>\n<link rel=\"canonical\" href=\"https:\/\/www.kadmedia.sk\/en\/2025\/06\/19\/osvetlenie-eventov-svetelny-dizajn\/\" \/>\n<meta property=\"og:locale\" content=\"en_US\" \/>\n<meta property=\"og:type\" content=\"article\" \/>\n<meta property=\"og:title\" content=\"Osvetlenie eventov: Profesion\u00e1lny sveteln\u00fd dizajn pre konferencie, ve\u010dierky aj koncerty - KadMedia\" \/>\n<meta property=\"og:description\" content=\"Profesion\u00e1lne osvetlenie eventov na mieru \u2013 navrhneme sveteln\u00fd dizajn pre konferencie, ve\u010dierky aj koncerty. Kadmedia zabezpe\u010d\u00ed aj zvuk, video a tlmo\u010denie pre v\u00e1\u0161 podujatie.\" \/>\n<meta property=\"og:url\" content=\"https:\/\/www.kadmedia.sk\/en\/2025\/06\/19\/osvetlenie-eventov-svetelny-dizajn\/\" \/>\n<meta property=\"og:site_name\" content=\"KadMedia\" \/>\n<meta property=\"article:publisher\" content=\"https:\/\/www.facebook.com\/kadmedia\/?locale=sk_SK\" \/>\n<meta property=\"article:published_time\" content=\"2025-06-19T09:43:08+00:00\" \/>\n<meta property=\"article:modified_time\" content=\"2025-06-19T12:12:51+00:00\" \/>\n<meta property=\"og:image\" content=\"https:\/\/www.kadmedia.sk\/wp-content\/uploads\/2025\/06\/kadmedia-lights.jpg\" \/>\n\t<meta property=\"og:image:width\" content=\"1800\" \/>\n\t<meta property=\"og:image:height\" content=\"1200\" \/>\n\t<meta property=\"og:image:type\" content=\"image\/jpeg\" \/>\n<meta name=\"author\" content=\"medkadko\" \/>\n<meta name=\"twitter:card\" content=\"summary_large_image\" \/>\n<meta name=\"twitter:label1\" content=\"Written by\" \/>\n\t<meta name=\"twitter:data1\" content=\"medkadko\" \/>\n\t<meta name=\"twitter:label2\" content=\"Est. reading time\" \/>\n\t<meta name=\"twitter:data2\" content=\"3 minutes\" \/>\n<script type=\"application\/ld+json\" class=\"yoast-schema-graph\">{\"@context\":\"https:\/\/schema.org\",\"@graph\":[{\"@type\":\"Article\",\"@id\":\"https:\/\/www.kadmedia.sk\/2025\/06\/19\/osvetlenie-eventov-svetelny-dizajn\/#article\",\"isPartOf\":{\"@id\":\"https:\/\/www.kadmedia.sk\/2025\/06\/19\/osvetlenie-eventov-svetelny-dizajn\/\"},\"author\":{\"name\":\"medkadko\",\"@id\":\"https:\/\/www.kadmedia.sk\/#\/schema\/person\/681ba75e54c7a993bea355a004b650da\"},\"headline\":\"Osvetlenie eventov: Profesion\u00e1lny sveteln\u00fd dizajn pre konferencie, ve\u010dierky aj koncerty\",\"datePublished\":\"2025-06-19T09:43:08+00:00\",\"dateModified\":\"2025-06-19T12:12:51+00:00\",\"mainEntityOfPage\":{\"@id\":\"https:\/\/www.kadmedia.sk\/2025\/06\/19\/osvetlenie-eventov-svetelny-dizajn\/\"},\"wordCount\":622,\"commentCount\":0,\"publisher\":{\"@id\":\"https:\/\/www.kadmedia.sk\/#organization\"},\"image\":{\"@id\":\"https:\/\/www.kadmedia.sk\/2025\/06\/19\/osvetlenie-eventov-svetelny-dizajn\/#primaryimage\"},\"thumbnailUrl\":\"https:\/\/www.kadmedia.sk\/wp-content\/uploads\/2025\/06\/kadmedia-lights-1024x683.jpg\",\"articleSection\":[\"Nezaraden\u00e9\"],\"inLanguage\":\"en-US\",\"potentialAction\":[{\"@type\":\"CommentAction\",\"name\":\"Comment\",\"target\":[\"https:\/\/www.kadmedia.sk\/2025\/06\/19\/osvetlenie-eventov-svetelny-dizajn\/#respond\"]}]},{\"@type\":\"WebPage\",\"@id\":\"https:\/\/www.kadmedia.sk\/2025\/06\/19\/osvetlenie-eventov-svetelny-dizajn\/\",\"url\":\"https:\/\/www.kadmedia.sk\/2025\/06\/19\/osvetlenie-eventov-svetelny-dizajn\/\",\"name\":\"Osvetlenie eventov: Profesion\u00e1lny sveteln\u00fd dizajn pre konferencie, ve\u010dierky aj koncerty - KadMedia\",\"isPartOf\":{\"@id\":\"https:\/\/www.kadmedia.sk\/#website\"},\"primaryImageOfPage\":{\"@id\":\"https:\/\/www.kadmedia.sk\/2025\/06\/19\/osvetlenie-eventov-svetelny-dizajn\/#primaryimage\"},\"image\":{\"@id\":\"https:\/\/www.kadmedia.sk\/2025\/06\/19\/osvetlenie-eventov-svetelny-dizajn\/#primaryimage\"},\"thumbnailUrl\":\"https:\/\/www.kadmedia.sk\/wp-content\/uploads\/2025\/06\/kadmedia-lights-1024x683.jpg\",\"datePublished\":\"2025-06-19T09:43:08+00:00\",\"dateModified\":\"2025-06-19T12:12:51+00:00\",\"description\":\"Profesion\u00e1lne osvetlenie eventov na mieru \u2013 navrhneme sveteln\u00fd dizajn pre konferencie, ve\u010dierky aj koncerty. Kadmedia zabezpe\u010d\u00ed aj zvuk, video a tlmo\u010denie pre v\u00e1\u0161 podujatie.\",\"breadcrumb\":{\"@id\":\"https:\/\/www.kadmedia.sk\/2025\/06\/19\/osvetlenie-eventov-svetelny-dizajn\/#breadcrumb\"},\"inLanguage\":\"en-US\",\"potentialAction\":[{\"@type\":\"ReadAction\",\"target\":[\"https:\/\/www.kadmedia.sk\/2025\/06\/19\/osvetlenie-eventov-svetelny-dizajn\/\"]}]},{\"@type\":\"ImageObject\",\"inLanguage\":\"en-US\",\"@id\":\"https:\/\/www.kadmedia.sk\/2025\/06\/19\/osvetlenie-eventov-svetelny-dizajn\/#primaryimage\",\"url\":\"https:\/\/www.kadmedia.sk\/wp-content\/uploads\/2025\/06\/kadmedia-lights-1024x683.jpg\",\"contentUrl\":\"https:\/\/www.kadmedia.sk\/wp-content\/uploads\/2025\/06\/kadmedia-lights-1024x683.jpg\"},{\"@type\":\"BreadcrumbList\",\"@id\":\"https:\/\/www.kadmedia.sk\/2025\/06\/19\/osvetlenie-eventov-svetelny-dizajn\/#breadcrumb\",\"itemListElement\":[{\"@type\":\"ListItem\",\"position\":1,\"name\":\"Home\",\"item\":\"https:\/\/www.kadmedia.sk\/\"},{\"@type\":\"ListItem\",\"position\":2,\"name\":\"Osvetlenie eventov: Profesion\u00e1lny sveteln\u00fd dizajn pre konferencie, ve\u010dierky aj koncerty\"}]},{\"@type\":\"WebSite\",\"@id\":\"https:\/\/www.kadmedia.sk\/#website\",\"url\":\"https:\/\/www.kadmedia.sk\/\",\"name\":\"KadMedia\",\"description\":\"Kompletn\u00e9 technick\u00e9 zabezpe\u010denie podujat\u00ed\",\"publisher\":{\"@id\":\"https:\/\/www.kadmedia.sk\/#organization\"},\"potentialAction\":[{\"@type\":\"SearchAction\",\"target\":{\"@type\":\"EntryPoint\",\"urlTemplate\":\"https:\/\/www.kadmedia.sk\/?s={search_term_string}\"},\"query-input\":{\"@type\":\"PropertyValueSpecification\",\"valueRequired\":true,\"valueName\":\"search_term_string\"}}],\"inLanguage\":\"en-US\"},{\"@type\":\"Organization\",\"@id\":\"https:\/\/www.kadmedia.sk\/#organization\",\"name\":\"KadMedia\",\"url\":\"https:\/\/www.kadmedia.sk\/\",\"logo\":{\"@type\":\"ImageObject\",\"inLanguage\":\"en-US\",\"@id\":\"https:\/\/www.kadmedia.sk\/#\/schema\/logo\/image\/\",\"url\":\"https:\/\/www.kadmedia.sk\/wp-content\/uploads\/2025\/01\/kadmedia-logo-clear-1.png\",\"contentUrl\":\"https:\/\/www.kadmedia.sk\/wp-content\/uploads\/2025\/01\/kadmedia-logo-clear-1.png\",\"width\":290,\"height\":70,\"caption\":\"KadMedia\"},\"image\":{\"@id\":\"https:\/\/www.kadmedia.sk\/#\/schema\/logo\/image\/\"},\"sameAs\":[\"https:\/\/www.facebook.com\/kadmedia\/?locale=sk_SK\",\"https:\/\/www.instagram.com\/kadmedia.sk\/\"]},{\"@type\":\"Person\",\"@id\":\"https:\/\/www.kadmedia.sk\/#\/schema\/person\/681ba75e54c7a993bea355a004b650da\",\"name\":\"medkadko\",\"image\":{\"@type\":\"ImageObject\",\"inLanguage\":\"en-US\",\"@id\":\"https:\/\/www.kadmedia.sk\/#\/schema\/person\/image\/\",\"url\":\"https:\/\/secure.gravatar.com\/avatar\/11dd5fdcf66ff6a086a2f65fe98008ea?s=96&d=mm&r=g\",\"contentUrl\":\"https:\/\/secure.gravatar.com\/avatar\/11dd5fdcf66ff6a086a2f65fe98008ea?s=96&d=mm&r=g\",\"caption\":\"medkadko\"},\"sameAs\":[\"https:\/\/www.kadmedia.sk\"],\"url\":\"https:\/\/www.kadmedia.sk\/en\/author\/medkadko\/\"}]}<\/script>\n<!-- \/ Yoast SEO plugin. -->","yoast_head_json":{"title":"Osvetlenie eventov: Profesion\u00e1lny sveteln\u00fd dizajn pre konferencie, ve\u010dierky aj koncerty - KadMedia","description":"Profesion\u00e1lne osvetlenie eventov na mieru \u2013 navrhneme sveteln\u00fd dizajn pre konferencie, ve\u010dierky aj koncerty. Kadmedia zabezpe\u010d\u00ed aj zvuk, video a tlmo\u010denie pre v\u00e1\u0161 podujatie.","robots":{"index":"index","follow":"follow","max-snippet":"max-snippet:-1","max-image-preview":"max-image-preview:large","max-video-preview":"max-video-preview:-1"},"canonical":"https:\/\/www.kadmedia.sk\/en\/2025\/06\/19\/osvetlenie-eventov-svetelny-dizajn\/","og_locale":"en_US","og_type":"article","og_title":"Osvetlenie eventov: Profesion\u00e1lny sveteln\u00fd dizajn pre konferencie, ve\u010dierky aj koncerty - KadMedia","og_description":"Profesion\u00e1lne osvetlenie eventov na mieru \u2013 navrhneme sveteln\u00fd dizajn pre konferencie, ve\u010dierky aj koncerty. Kadmedia zabezpe\u010d\u00ed aj zvuk, video a tlmo\u010denie pre v\u00e1\u0161 podujatie.","og_url":"https:\/\/www.kadmedia.sk\/en\/2025\/06\/19\/osvetlenie-eventov-svetelny-dizajn\/","og_site_name":"KadMedia","article_publisher":"https:\/\/www.facebook.com\/kadmedia\/?locale=sk_SK","article_published_time":"2025-06-19T09:43:08+00:00","article_modified_time":"2025-06-19T12:12:51+00:00","og_image":[{"width":1800,"height":1200,"url":"https:\/\/www.kadmedia.sk\/wp-content\/uploads\/2025\/06\/kadmedia-lights.jpg","type":"image\/jpeg"}],"author":"medkadko","twitter_card":"summary_large_image","twitter_misc":{"Written by":"medkadko","Est. reading time":"3 minutes"},"schema":{"@context":"https:\/\/schema.org","@graph":[{"@type":"Article","@id":"https:\/\/www.kadmedia.sk\/2025\/06\/19\/osvetlenie-eventov-svetelny-dizajn\/#article","isPartOf":{"@id":"https:\/\/www.kadmedia.sk\/2025\/06\/19\/osvetlenie-eventov-svetelny-dizajn\/"},"author":{"name":"medkadko","@id":"https:\/\/www.kadmedia.sk\/#\/schema\/person\/681ba75e54c7a993bea355a004b650da"},"headline":"Osvetlenie eventov: Profesion\u00e1lny sveteln\u00fd dizajn pre konferencie, ve\u010dierky aj koncerty","datePublished":"2025-06-19T09:43:08+00:00","dateModified":"2025-06-19T12:12:51+00:00","mainEntityOfPage":{"@id":"https:\/\/www.kadmedia.sk\/2025\/06\/19\/osvetlenie-eventov-svetelny-dizajn\/"},"wordCount":622,"commentCount":0,"publisher":{"@id":"https:\/\/www.kadmedia.sk\/#organization"},"image":{"@id":"https:\/\/www.kadmedia.sk\/2025\/06\/19\/osvetlenie-eventov-svetelny-dizajn\/#primaryimage"},"thumbnailUrl":"https:\/\/www.kadmedia.sk\/wp-content\/uploads\/2025\/06\/kadmedia-lights-1024x683.jpg","articleSection":["Nezaraden\u00e9"],"inLanguage":"en-US","potentialAction":[{"@type":"CommentAction","name":"Comment","target":["https:\/\/www.kadmedia.sk\/2025\/06\/19\/osvetlenie-eventov-svetelny-dizajn\/#respond"]}]},{"@type":"WebPage","@id":"https:\/\/www.kadmedia.sk\/2025\/06\/19\/osvetlenie-eventov-svetelny-dizajn\/","url":"https:\/\/www.kadmedia.sk\/2025\/06\/19\/osvetlenie-eventov-svetelny-dizajn\/","name":"Osvetlenie eventov: Profesion\u00e1lny sveteln\u00fd dizajn pre konferencie, ve\u010dierky aj koncerty - KadMedia","isPartOf":{"@id":"https:\/\/www.kadmedia.sk\/#website"},"primaryImageOfPage":{"@id":"https:\/\/www.kadmedia.sk\/2025\/06\/19\/osvetlenie-eventov-svetelny-dizajn\/#primaryimage"},"image":{"@id":"https:\/\/www.kadmedia.sk\/2025\/06\/19\/osvetlenie-eventov-svetelny-dizajn\/#primaryimage"},"thumbnailUrl":"https:\/\/www.kadmedia.sk\/wp-content\/uploads\/2025\/06\/kadmedia-lights-1024x683.jpg","datePublished":"2025-06-19T09:43:08+00:00","dateModified":"2025-06-19T12:12:51+00:00","description":"Profesion\u00e1lne osvetlenie eventov na mieru \u2013 navrhneme sveteln\u00fd dizajn pre konferencie, ve\u010dierky aj koncerty. Kadmedia zabezpe\u010d\u00ed aj zvuk, video a tlmo\u010denie pre v\u00e1\u0161 podujatie.","breadcrumb":{"@id":"https:\/\/www.kadmedia.sk\/2025\/06\/19\/osvetlenie-eventov-svetelny-dizajn\/#breadcrumb"},"inLanguage":"en-US","potentialAction":[{"@type":"ReadAction","target":["https:\/\/www.kadmedia.sk\/2025\/06\/19\/osvetlenie-eventov-svetelny-dizajn\/"]}]},{"@type":"ImageObject","inLanguage":"en-US","@id":"https:\/\/www.kadmedia.sk\/2025\/06\/19\/osvetlenie-eventov-svetelny-dizajn\/#primaryimage","url":"https:\/\/www.kadmedia.sk\/wp-content\/uploads\/2025\/06\/kadmedia-lights-1024x683.jpg","contentUrl":"https:\/\/www.kadmedia.sk\/wp-content\/uploads\/2025\/06\/kadmedia-lights-1024x683.jpg"},{"@type":"BreadcrumbList","@id":"https:\/\/www.kadmedia.sk\/2025\/06\/19\/osvetlenie-eventov-svetelny-dizajn\/#breadcrumb","itemListElement":[{"@type":"ListItem","position":1,"name":"Home","item":"https:\/\/www.kadmedia.sk\/"},{"@type":"ListItem","position":2,"name":"Osvetlenie eventov: Profesion\u00e1lny sveteln\u00fd dizajn pre konferencie, ve\u010dierky aj koncerty"}]},{"@type":"WebSite","@id":"https:\/\/www.kadmedia.sk\/#website","url":"https:\/\/www.kadmedia.sk\/","name":"KadMedia","description":"Kompletn\u00e9 technick\u00e9 zabezpe\u010denie podujat\u00ed","publisher":{"@id":"https:\/\/www.kadmedia.sk\/#organization"},"potentialAction":[{"@type":"SearchAction","target":{"@type":"EntryPoint","urlTemplate":"https:\/\/www.kadmedia.sk\/?s={search_term_string}"},"query-input":{"@type":"PropertyValueSpecification","valueRequired":true,"valueName":"search_term_string"}}],"inLanguage":"en-US"},{"@type":"Organization","@id":"https:\/\/www.kadmedia.sk\/#organization","name":"KadMedia","url":"https:\/\/www.kadmedia.sk\/","logo":{"@type":"ImageObject","inLanguage":"en-US","@id":"https:\/\/www.kadmedia.sk\/#\/schema\/logo\/image\/","url":"https:\/\/www.kadmedia.sk\/wp-content\/uploads\/2025\/01\/kadmedia-logo-clear-1.png","contentUrl":"https:\/\/www.kadmedia.sk\/wp-content\/uploads\/2025\/01\/kadmedia-logo-clear-1.png","width":290,"height":70,"caption":"KadMedia"},"image":{"@id":"https:\/\/www.kadmedia.sk\/#\/schema\/logo\/image\/"},"sameAs":["https:\/\/www.facebook.com\/kadmedia\/?locale=sk_SK","https:\/\/www.instagram.com\/kadmedia.sk\/"]},{"@type":"Person","@id":"https:\/\/www.kadmedia.sk\/#\/schema\/person\/681ba75e54c7a993bea355a004b650da","name":"medkadko","image":{"@type":"ImageObject","inLanguage":"en-US","@id":"https:\/\/www.kadmedia.sk\/#\/schema\/person\/image\/","url":"https:\/\/secure.gravatar.com\/avatar\/11dd5fdcf66ff6a086a2f65fe98008ea?s=96&d=mm&r=g","contentUrl":"https:\/\/secure.gravatar.com\/avatar\/11dd5fdcf66ff6a086a2f65fe98008ea?s=96&d=mm&r=g","caption":"medkadko"},"sameAs":["https:\/\/www.kadmedia.sk"],"url":"https:\/\/www.kadmedia.sk\/en\/author\/medkadko\/"}]}},"_links":{"self":[{"href":"https:\/\/www.kadmedia.sk\/en\/wp-json\/wp\/v2\/posts\/1086","targetHints":{"allow":["GET"]}}],"collection":[{"href":"https:\/\/www.kadmedia.sk\/en\/wp-json\/wp\/v2\/posts"}],"about":[{"href":"https:\/\/www.kadmedia.sk\/en\/wp-json\/wp\/v2\/types\/post"}],"author":[{"embeddable":true,"href":"https:\/\/www.kadmedia.sk\/en\/wp-json\/wp\/v2\/users\/1"}],"replies":[{"embeddable":true,"href":"https:\/\/www.kadmedia.sk\/en\/wp-json\/wp\/v2\/comments?post=1086"}],"version-history":[{"count":6,"href":"https:\/\/www.kadmedia.sk\/en\/wp-json\/wp\/v2\/posts\/1086\/revisions"}],"predecessor-version":[{"id":1096,"href":"https:\/\/www.kadmedia.sk\/en\/wp-json\/wp\/v2\/posts\/1086\/revisions\/1096"}],"wp:attachment":[{"href":"https:\/\/www.kadmedia.sk\/en\/wp-json\/wp\/v2\/media?parent=1086"}],"wp:term":[{"taxonomy":"category","embeddable":true,"href":"https:\/\/www.kadmedia.sk\/en\/wp-json\/wp\/v2\/categories?post=1086"},{"taxonomy":"post_tag","embeddable":true,"href":"https:\/\/www.kadmedia.sk\/en\/wp-json\/wp\/v2\/tags?post=1086"}],"curies":[{"name":"wp","href":"https:\/\/api.w.org\/{rel}","templated":true}]}}